{"id":472,"date":"2011-12-07T14:11:59","date_gmt":"2011-12-07T13:11:59","guid":{"rendered":"http:\/\/www.areal-blum.ch\/wordpress\/?p=472"},"modified":"2019-04-30T10:29:09","modified_gmt":"2019-04-30T08:29:09","slug":"krise","status":"publish","type":"post","link":"https:\/\/www.areal-blum.ch\/wordpress\/?p=472","title":{"rendered":"Krise?!"},"content":{"rendered":"<p>Trotz Krise gehts immer irgendwie voran, wie unser Bild zeigt. Wir sind jedenfalls mit momentan 142 aktiven Mietvertr\u00e4gen ausgelastet wie in anderen Jahren. Der soeben verrechnete Gesamtverbrauch Strom des Jahres 2011 ist ein bisschen tiefer als im Vorjahr. Allerdings wirken sich der sch\u00f6ne Fr\u00fchling und Herbst dieses Jahres hier sicher positiv aus. Der Bedarf an zus\u00e4tzlicher W\u00e4rme durch Elektroheizungen konnte im Gegensatz zu anderen, verregneten Jahren reduziert werden.<\/p>\n<p>Also alles im gr\u00fcnen Bereich, wenigstens vorl\u00e4ufig. Hoffen wir auf ein nicht allzu brutales 2012. Wird schon werden!<\/p>\n","protected":false},"excerpt":{"rendered":"<p>Trotz Krise gehts immer irgendwie voran, wie unser Bild zeigt. Wir sind jedenfalls mit momentan 142 aktiven Mietvertr\u00e4gen ausgelastet wie in anderen Jahren. Der soeben verrechnete Gesamtverbrauch Strom des Jahres 2011 ist ein bisschen tiefer als im Vorjahr. Allerdings wirken&hellip;<\/p>\n<p class=\"more-link-p\"><a class=\"btn btn-primary\" href=\"https:\/\/www.areal-blum.ch\/wordpress\/?p=472\">mehr &#8230;<\/a><\/p>\n","protected":false},"author":1,"featured_media":0,"comment_status":"open","ping_status":"open","sticky":false,"template":"","format":"standard","meta":{"jetpack_post_was_ever_published":false,"_jetpack_newsletter_access":"","_jetpack_dont_email_post_to_subs":false,"_jetpack_newsletter_tier_id":0,"_jetpack_memberships_contains_paywalled_content":false,"_jetpack_memberships_contains_paid_content":false,"footnotes":"","jetpack_publicize_message":"","jetpack_publicize_feature_enabled":true,"jetpack_social_post_already_shared":false,"jetpack_social_options":{"image_generator_settings":{"template":"highway","enabled":false},"version":2}},"categories":[4],"tags":[7],"class_list":["post-472","post","type-post","status-publish","format-standard","hentry","category-blum-ag","tag-arnold-blum-ag"],"jetpack_publicize_connections":[],"jetpack_featured_media_url":"","jetpack_sharing_enabled":true,"jetpack_shortlink":"https:\/\/wp.me\/s2UJUG-krise","_links":{"self":[{"href":"https:\/\/www.areal-blum.ch\/wordpress\/index.php?rest_route=\/wp\/v2\/posts\/472"}],"collection":[{"href":"https:\/\/www.areal-blum.ch\/wordpress\/index.php?rest_route=\/wp\/v2\/posts"}],"about":[{"href":"https:\/\/www.areal-blum.ch\/wordpress\/index.php?rest_route=\/wp\/v2\/types\/post"}],"author":[{"embeddable":true,"href":"https:\/\/www.areal-blum.ch\/wordpress\/index.php?rest_route=\/wp\/v2\/users\/1"}],"replies":[{"embeddable":true,"href":"https:\/\/www.areal-blum.ch\/wordpress\/index.php?rest_route=%2Fwp%2Fv2%2Fcomments&post=472"}],"version-history":[{"count":7,"href":"https:\/\/www.areal-blum.ch\/wordpress\/index.php?rest_route=\/wp\/v2\/posts\/472\/revisions"}],"predecessor-version":[{"id":962,"href":"https:\/\/www.areal-blum.ch\/wordpress\/index.php?rest_route=\/wp\/v2\/posts\/472\/revisions\/962"}],"wp:attachment":[{"href":"https:\/\/www.areal-blum.ch\/wordpress\/index.php?rest_route=%2Fwp%2Fv2%2Fmedia&parent=472"}],"wp:term":[{"taxonomy":"category","embeddable":true,"href":"https:\/\/www.areal-blum.ch\/wordpress\/index.php?rest_route=%2Fwp%2Fv2%2Fcategories&post=472"},{"taxonomy":"post_tag","embeddable":true,"href":"https:\/\/www.areal-blum.ch\/wordpress\/index.php?rest_route=%2Fwp%2Fv2%2Ftags&post=472"}],"curies":[{"name":"wp","href":"https:\/\/api.w.org\/{rel}","templated":true}]}}