{"id":505,"date":"2012-06-26T17:08:15","date_gmt":"2012-06-26T15:08:15","guid":{"rendered":"http:\/\/www.areal-blum.ch\/wordpress\/?p=505"},"modified":"2012-12-31T11:05:16","modified_gmt":"2012-12-31T10:05:16","slug":"besuch","status":"publish","type":"post","link":"https:\/\/www.areal-blum.ch\/wordpress\/?p=505","title":{"rendered":"Besuch"},"content":{"rendered":"<p><img data-recalc-dims=\"1\" loading=\"lazy\" decoding=\"async\" data-attachment-id=\"370\" data-permalink=\"https:\/\/www.areal-blum.ch\/wordpress\/?attachment_id=370\" data-orig-file=\"https:\/\/i0.wp.com\/www.areal-blum.ch\/wordpress\/wp-content\/uploads\/2006\/08\/gravatar.png?fit=80%2C80&amp;ssl=1\" data-orig-size=\"80,80\" data-comments-opened=\"1\" data-image-meta=\"{&quot;aperture&quot;:&quot;0&quot;,&quot;credit&quot;:&quot;&quot;,&quot;camera&quot;:&quot;&quot;,&quot;caption&quot;:&quot;&quot;,&quot;created_timestamp&quot;:&quot;0&quot;,&quot;copyright&quot;:&quot;&quot;,&quot;focal_length&quot;:&quot;0&quot;,&quot;iso&quot;:&quot;0&quot;,&quot;shutter_speed&quot;:&quot;0&quot;,&quot;title&quot;:&quot;&quot;}\" data-image-title=\"admin\" data-image-description=\"\" data-image-caption=\"\" data-medium-file=\"https:\/\/i0.wp.com\/www.areal-blum.ch\/wordpress\/wp-content\/uploads\/2006\/08\/gravatar.png?fit=80%2C80&amp;ssl=1\" data-large-file=\"https:\/\/i0.wp.com\/www.areal-blum.ch\/wordpress\/wp-content\/uploads\/2006\/08\/gravatar.png?fit=80%2C80&amp;ssl=1\" tabindex=\"0\" role=\"button\" class=\"alignnone size-full wp-image-370\" title=\"admin\" src=\"https:\/\/i0.wp.com\/www.areal-blum.ch\/wordpress\/wp-content\/uploads\/2006\/08\/gravatar.png?resize=80%2C80&#038;ssl=1\" alt=\"\" width=\"80\" height=\"80\" \/> K\u00fcrzlich hatten wir hohen Besuch aus der Gemeinde K\u00f6niz. Offenbar hats ihm bei uns gefallen. Wir freuen uns dar\u00fcber und \u00fcber das freundliche <a href=\"https:\/\/www.areal-blum.ch\/\/wordpress\/wp-content\/uploads\/brief_gemeinde.pdf\" target=\"_blank\">Dankesschreiben<\/a>. So ist man gerne Gemeindeb\u00fcrger!<\/p>\n","protected":false},"excerpt":{"rendered":"<p>K\u00fcrzlich hatten wir hohen Besuch aus der Gemeinde K\u00f6niz. Offenbar hats ihm bei uns gefallen. Wir freuen uns dar\u00fcber und \u00fcber das freundliche Dankesschreiben. So ist man gerne Gemeindeb\u00fcrger!<\/p>\n<p class=\"more-link-p\"><a class=\"btn btn-primary\" href=\"https:\/\/www.areal-blum.ch\/wordpress\/?p=505\">mehr &#8230;<\/a><\/p>\n","protected":false},"author":1,"featured_media":0,"comment_status":"open","ping_status":"open","sticky":false,"template":"","format":"standard","meta":{"jetpack_post_was_ever_published":false,"_jetpack_newsletter_access":"","_jetpack_dont_email_post_to_subs":false,"_jetpack_newsletter_tier_id":0,"_jetpack_memberships_contains_paywalled_content":false,"_jetpack_memberships_contains_paid_content":false,"footnotes":"","jetpack_publicize_message":"","jetpack_publicize_feature_enabled":true,"jetpack_social_post_already_shared":false,"jetpack_social_options":{"image_generator_settings":{"template":"highway","enabled":false},"version":2}},"categories":[4],"tags":[7],"class_list":["post-505","post","type-post","status-publish","format-standard","hentry","category-blum-ag","tag-arnold-blum-ag"],"jetpack_publicize_connections":[],"jetpack_featured_media_url":"","jetpack_sharing_enabled":true,"jetpack_shortlink":"https:\/\/wp.me\/s2UJUG-besuch","_links":{"self":[{"href":"https:\/\/www.areal-blum.ch\/wordpress\/index.php?rest_route=\/wp\/v2\/posts\/505"}],"collection":[{"href":"https:\/\/www.areal-blum.ch\/wordpress\/index.php?rest_route=\/wp\/v2\/posts"}],"about":[{"href":"https:\/\/www.areal-blum.ch\/wordpress\/index.php?rest_route=\/wp\/v2\/types\/post"}],"author":[{"embeddable":true,"href":"https:\/\/www.areal-blum.ch\/wordpress\/index.php?rest_route=\/wp\/v2\/users\/1"}],"replies":[{"embeddable":true,"href":"https:\/\/www.areal-blum.ch\/wordpress\/index.php?rest_route=%2Fwp%2Fv2%2Fcomments&post=505"}],"version-history":[{"count":9,"href":"https:\/\/www.areal-blum.ch\/wordpress\/index.php?rest_route=\/wp\/v2\/posts\/505\/revisions"}],"predecessor-version":[{"id":541,"href":"https:\/\/www.areal-blum.ch\/wordpress\/index.php?rest_route=\/wp\/v2\/posts\/505\/revisions\/541"}],"wp:attachment":[{"href":"https:\/\/www.areal-blum.ch\/wordpress\/index.php?rest_route=%2Fwp%2Fv2%2Fmedia&parent=505"}],"wp:term":[{"taxonomy":"category","embeddable":true,"href":"https:\/\/www.areal-blum.ch\/wordpress\/index.php?rest_route=%2Fwp%2Fv2%2Fcategories&post=505"},{"taxonomy":"post_tag","embeddable":true,"href":"https:\/\/www.areal-blum.ch\/wordpress\/index.php?rest_route=%2Fwp%2Fv2%2Ftags&post=505"}],"curies":[{"name":"wp","href":"https:\/\/api.w.org\/{rel}","templated":true}]}}